{"id":1792,"date":"2023-03-22T12:11:49","date_gmt":"2023-03-22T11:11:49","guid":{"rendered":"https:\/\/sindicatura.viladecans.cat\/?p=1792"},"modified":"2023-03-22T12:22:22","modified_gmt":"2023-03-22T11:22:22","slug":"el-sindico-de-agravios-de-viladecans-y-customer-counsel-de-aigues-de-barcelona-firman-un-convenio","status":"publish","type":"post","link":"https:\/\/sindicatura.viladecans.cat\/es\/2023\/03\/el-sindico-de-agravios-de-viladecans-y-customer-counsel-de-aigues-de-barcelona-firman-un-convenio\/","title":{"rendered":"EL S\u00cdNDICO DE AGRAVIOS DE VILADECANS Y CUSTOMER COUNSEL DE AIG\u00dcES DE BARCELONA FIRMAN UN CONVENIO"},"content":{"rendered":"<h1><span style=\"color: #ff6600;\"><strong>El S\u00edndico de Agravios de Viladecans y <\/strong><\/span><span style=\"color: #ff6600;\"><strong>Aig\u00fces de Barcelona\u00a0 firman un convenio por la mejora constante del servicio<\/strong><\/span><\/h1>\n<p>&nbsp;<\/p>\n<h2><span style=\"color: #99ccff;\">El acuerdo incluye el compromiso de asegurar la protecci\u00f3n y el derecho de acceso en el agua de personas en situaci\u00f3n de vulnerabilidad del municipio<\/span><\/h2>\n<p>&nbsp;<\/p>\n<p><strong>El S\u00edndico de Agravios de Viladecans<\/strong>, Jos\u00e9 Luis Nicol\u00e1s Arocas, y \u00a0la <strong>Customer Counsel de Aig\u00fces de Barcelona<\/strong>, Inmaculada Berm\u00fadez, han firmado el 21 de marzo de 2023, un convenio de colaboraci\u00f3n por la mejora de la atenci\u00f3n en el servicio municipal de agua de Viladecans y velar para garantizar los derechos de la ciudadan\u00eda.<\/p>\n<p>A trav\u00e9s de este convenio, <strong>la defensora del cliente de Aig\u00fces de Barcelona<\/strong> se compromete con el defensor municipal a <strong>atender con celeridad cualquier queja <\/strong>que se pueda recibir de las personas del municipio y, a la vegada, mantener un di\u00e1logo peri\u00f3dico para recoger recomendaciones de mejora del servicio.<\/p>\n<p>El convenio con la sindicatura de agravios de Viladecans incluye tambi\u00e9n el compromiso de tratar con la m\u00e1xima sensibilidad cualquier caso que la defensora pueda detectar de personas en situaci\u00f3n de vulnerabilidad, para asegurar la protecci\u00f3n y el <strong>derecho de acceso al agua.<\/strong><\/p>\n<p>La figura de Customer Counsel o defensora del cliente atiende y resuelve de manera gratuita las reclamaciones de los usuarios y usuarias de la operadora. Es un servicio que atiende posibles conflictos entre la compa\u00f1\u00eda y sus clientes, y busca soluciones en un entorno amistoso. <strong>Interviene cuando el cliente no est\u00e1 de acuerdo con la respuesta que le ha ofrecido la compa\u00f1\u00eda o bien cuando no ha obtenido respuesta a su reclamaci\u00f3n<\/strong>. La resoluci\u00f3n que se establezca desde el Customer Counsel <strong>es de obligado cumplimiento para la compa\u00f1\u00eda<\/strong> y voluntario para los clientes.<\/p>\n<p><img decoding=\"async\" class=\"alignnone size-medium wp-image-517 lazyload\" data-src=\"https:\/\/sindicatura.viladecans.cat\/wp-content\/uploads\/2019\/10\/logo-sindicatura-final_Mesa-de-trabajo-1-copia-2-300x89.jpg\" alt=\"\" width=\"300\" height=\"89\" data-srcset=\"https:\/\/sindicatura.viladecans.cat\/wp-content\/uploads\/2019\/10\/logo-sindicatura-final_Mesa-de-trabajo-1-copia-2-300x89.jpg 300w, https:\/\/sindicatura.viladecans.cat\/wp-content\/uploads\/2019\/10\/logo-sindicatura-final_Mesa-de-trabajo-1-copia-2-768x228.jpg 768w, https:\/\/sindicatura.viladecans.cat\/wp-content\/uploads\/2019\/10\/logo-sindicatura-final_Mesa-de-trabajo-1-copia-2-1024x303.jpg 1024w, https:\/\/sindicatura.viladecans.cat\/wp-content\/uploads\/2019\/10\/logo-sindicatura-final_Mesa-de-trabajo-1-copia-2-1116x331.jpg 1116w, https:\/\/sindicatura.viladecans.cat\/wp-content\/uploads\/2019\/10\/logo-sindicatura-final_Mesa-de-trabajo-1-copia-2-806x239.jpg 806w, https:\/\/sindicatura.viladecans.cat\/wp-content\/uploads\/2019\/10\/logo-sindicatura-final_Mesa-de-trabajo-1-copia-2-558x165.jpg 558w, https:\/\/sindicatura.viladecans.cat\/wp-content\/uploads\/2019\/10\/logo-sindicatura-final_Mesa-de-trabajo-1-copia-2-655x194.jpg 655w, https:\/\/sindicatura.viladecans.cat\/wp-content\/uploads\/2019\/10\/logo-sindicatura-final_Mesa-de-trabajo-1-copia-2.jpg 1536w\" data-sizes=\"(max-width: 300px) 100vw, 300px\" src=\"data:image\/gif;base64,R0lGODlhAQABAAAAACH5BAEKAAEALAAAAAABAAEAAAICTAEAOw==\" style=\"--smush-placeholder-width: 300px; --smush-placeholder-aspect-ratio: 300\/89;\" \/><img decoding=\"async\" class=\"wp-image-1795 alignright lazyload\" data-src=\"https:\/\/sindicatura.viladecans.cat\/wp-content\/uploads\/2023\/03\/logo-customer-300x150.jpg\" alt=\"\" width=\"168\" height=\"84\" data-srcset=\"https:\/\/sindicatura.viladecans.cat\/wp-content\/uploads\/2023\/03\/logo-customer-300x150.jpg 300w, https:\/\/sindicatura.viladecans.cat\/wp-content\/uploads\/2023\/03\/logo-customer.jpg 483w\" data-sizes=\"(max-width: 168px) 100vw, 168px\" src=\"data:image\/gif;base64,R0lGODlhAQABAAAAACH5BAEKAAEALAAAAAABAAEAAAICTAEAOw==\" style=\"--smush-placeholder-width: 168px; --smush-placeholder-aspect-ratio: 168\/84;\" \/><\/p>\n","protected":false},"excerpt":{"rendered":"<p>El S\u00edndico de Agravios de Viladecans  y Aig\u00fces de Barcelona firman un convenio por la mejora constante del servicio<\/p>\n","protected":false},"author":2,"featured_media":1805,"comment_status":"open","ping_status":"open","sticky":false,"template":"","format":"standard","meta":{"_acf_changed":false,"_monsterinsights_skip_tracking":false,"_monsterinsights_sitenote_active":false,"_monsterinsights_sitenote_note":"","_monsterinsights_sitenote_category":0,"footnotes":""},"categories":[13],"tags":[],"class_list":["post-1792","post","type-post","status-publish","format-standard","has-post-thumbnail","hentry","category-noticias"],"acf":[],"publishpress_future_action":{"enabled":false,"date":"2026-05-07 09:50:10","action":"change-status","newStatus":"draft","terms":[],"taxonomy":"category"},"publishpress_future_workflow_manual_trigger":{"enabledWorkflows":[]},"_links":{"self":[{"href":"https:\/\/sindicatura.viladecans.cat\/es\/wp-json\/wp\/v2\/posts\/1792","targetHints":{"allow":["GET"]}}],"collection":[{"href":"https:\/\/sindicatura.viladecans.cat\/es\/wp-json\/wp\/v2\/posts"}],"about":[{"href":"https:\/\/sindicatura.viladecans.cat\/es\/wp-json\/wp\/v2\/types\/post"}],"author":[{"embeddable":true,"href":"https:\/\/sindicatura.viladecans.cat\/es\/wp-json\/wp\/v2\/users\/2"}],"replies":[{"embeddable":true,"href":"https:\/\/sindicatura.viladecans.cat\/es\/wp-json\/wp\/v2\/comments?post=1792"}],"version-history":[{"count":3,"href":"https:\/\/sindicatura.viladecans.cat\/es\/wp-json\/wp\/v2\/posts\/1792\/revisions"}],"predecessor-version":[{"id":1799,"href":"https:\/\/sindicatura.viladecans.cat\/es\/wp-json\/wp\/v2\/posts\/1792\/revisions\/1799"}],"wp:featuredmedia":[{"embeddable":true,"href":"https:\/\/sindicatura.viladecans.cat\/es\/wp-json\/wp\/v2\/media\/1805"}],"wp:attachment":[{"href":"https:\/\/sindicatura.viladecans.cat\/es\/wp-json\/wp\/v2\/media?parent=1792"}],"wp:term":[{"taxonomy":"category","embeddable":true,"href":"https:\/\/sindicatura.viladecans.cat\/es\/wp-json\/wp\/v2\/categories?post=1792"},{"taxonomy":"post_tag","embeddable":true,"href":"https:\/\/sindicatura.viladecans.cat\/es\/wp-json\/wp\/v2\/tags?post=1792"}],"curies":[{"name":"wp","href":"https:\/\/api.w.org\/{rel}","templated":true}]}}