{"id":2012,"date":"2025-06-23T09:38:56","date_gmt":"2025-06-23T07:38:56","guid":{"rendered":"https:\/\/sindicatura.viladecans.cat\/?p=2012"},"modified":"2025-06-23T13:55:32","modified_gmt":"2025-06-23T11:55:32","slug":"el-sindico-municipal-de-agravios-de-viladecans-presentara-al-pleno-del-ayuntamiento-el-informe-anual-del-2024","status":"publish","type":"post","link":"https:\/\/sindicatura.viladecans.cat\/es\/2025\/06\/el-sindico-municipal-de-agravios-de-viladecans-presentara-al-pleno-del-ayuntamiento-el-informe-anual-del-2024\/","title":{"rendered":"EL S\u00cdNDICO MUNICIPAL DE AGRAVIOS DE VILADECANS PRESENTAR\u00c1 AL PLENO DEL AYUNTAMIENTO El INFORME ANUAL DEL 2024"},"content":{"rendered":"<p>El jueves 26 de junio de 2025, Jos\u00e9 Luis Nicolas, S\u00edndico municipal de Viladecans, presentar\u00e1 ante el Pleno municipal, el informe de las actuaciones realizadas durante el a\u00f1o 2024.<\/p>\n<p>&nbsp;<\/p>\n","protected":false},"excerpt":{"rendered":"<p>El jueves 26 de junio de 2025, Jos\u00e9 Luis Nicolas, S\u00edndico municipal de Viladecans, presentar\u00e1 ante el Pleno municipal, el informe de las actuaciones realizadas durante el a\u00f1o 2024.<\/p>\n","protected":false},"author":2,"featured_media":0,"comment_status":"open","ping_status":"open","sticky":false,"template":"","format":"standard","meta":{"_acf_changed":false,"_monsterinsights_skip_tracking":false,"_monsterinsights_sitenote_active":false,"_monsterinsights_sitenote_note":"","_monsterinsights_sitenote_category":0,"footnotes":""},"categories":[13],"tags":[74,75,56,20],"class_list":["post-2012","post","type-post","status-publish","format-standard","hentry","category-noticias","tag-2024-es","tag-informe-es","tag-sindic-es","tag-viladecans-es"],"acf":[],"publishpress_future_action":{"enabled":false,"date":"2026-05-07 09:41:28","action":"change-status","newStatus":"draft","terms":[],"taxonomy":"category"},"publishpress_future_workflow_manual_trigger":{"enabledWorkflows":[]},"_links":{"self":[{"href":"https:\/\/sindicatura.viladecans.cat\/es\/wp-json\/wp\/v2\/posts\/2012","targetHints":{"allow":["GET"]}}],"collection":[{"href":"https:\/\/sindicatura.viladecans.cat\/es\/wp-json\/wp\/v2\/posts"}],"about":[{"href":"https:\/\/sindicatura.viladecans.cat\/es\/wp-json\/wp\/v2\/types\/post"}],"author":[{"embeddable":true,"href":"https:\/\/sindicatura.viladecans.cat\/es\/wp-json\/wp\/v2\/users\/2"}],"replies":[{"embeddable":true,"href":"https:\/\/sindicatura.viladecans.cat\/es\/wp-json\/wp\/v2\/comments?post=2012"}],"version-history":[{"count":1,"href":"https:\/\/sindicatura.viladecans.cat\/es\/wp-json\/wp\/v2\/posts\/2012\/revisions"}],"predecessor-version":[{"id":2014,"href":"https:\/\/sindicatura.viladecans.cat\/es\/wp-json\/wp\/v2\/posts\/2012\/revisions\/2014"}],"wp:attachment":[{"href":"https:\/\/sindicatura.viladecans.cat\/es\/wp-json\/wp\/v2\/media?parent=2012"}],"wp:term":[{"taxonomy":"category","embeddable":true,"href":"https:\/\/sindicatura.viladecans.cat\/es\/wp-json\/wp\/v2\/categories?post=2012"},{"taxonomy":"post_tag","embeddable":true,"href":"https:\/\/sindicatura.viladecans.cat\/es\/wp-json\/wp\/v2\/tags?post=2012"}],"curies":[{"name":"wp","href":"https:\/\/api.w.org\/{rel}","templated":true}]}}