{"id":2039,"date":"2025-06-30T12:21:15","date_gmt":"2025-06-30T10:21:15","guid":{"rendered":"https:\/\/sindicatura.viladecans.cat\/?p=2039"},"modified":"2025-07-01T08:15:13","modified_gmt":"2025-07-01T06:15:13","slug":"el-sindico-municipal-de-agravios-de-viladecans-ha-presentado-al-pleno-del-ayuntamiento-el-informe-anual-del-2023-2","status":"publish","type":"post","link":"https:\/\/sindicatura.viladecans.cat\/es\/2025\/06\/el-sindico-municipal-de-agravios-de-viladecans-ha-presentado-al-pleno-del-ayuntamiento-el-informe-anual-del-2023-2\/","title":{"rendered":"EL S\u00cdNDICO MUNICIPAL DE AGRAVIOS DE VILADECANS HA PRESENTADO AL PLENO DEL AYUNTAMIENTO El INFORME ANUAL DEL 2024"},"content":{"rendered":"<p><img decoding=\"async\" class=\"wp-image-2031 alignleft lazyload\" data-src=\"https:\/\/sindicatura.viladecans.cat\/wp-content\/uploads\/2025\/06\/Captura-presentacio-ple-2-300x242.png\" alt=\"\" width=\"238\" height=\"192\" data-srcset=\"https:\/\/sindicatura.viladecans.cat\/wp-content\/uploads\/2025\/06\/Captura-presentacio-ple-2-300x242.png 300w, https:\/\/sindicatura.viladecans.cat\/wp-content\/uploads\/2025\/06\/Captura-presentacio-ple-2-768x620.png 768w, https:\/\/sindicatura.viladecans.cat\/wp-content\/uploads\/2025\/06\/Captura-presentacio-ple-2-806x651.png 806w, https:\/\/sindicatura.viladecans.cat\/wp-content\/uploads\/2025\/06\/Captura-presentacio-ple-2-558x450.png 558w, https:\/\/sindicatura.viladecans.cat\/wp-content\/uploads\/2025\/06\/Captura-presentacio-ple-2-655x529.png 655w, https:\/\/sindicatura.viladecans.cat\/wp-content\/uploads\/2025\/06\/Captura-presentacio-ple-2.png 908w\" data-sizes=\"(max-width: 238px) 100vw, 238px\" src=\"data:image\/gif;base64,R0lGODlhAQABAAAAACH5BAEKAAEALAAAAAABAAEAAAICTAEAOw==\" style=\"--smush-placeholder-width: 238px; --smush-placeholder-aspect-ratio: 238\/192;\" \/>El jueves 26 de junio de 2025, Jos\u00e9 Luis Nicolas, S\u00edndico municipal de Viladecans, present\u00f3 ante el Pleno municipal, el informe de las actuaciones realizadas durante el a\u00f1o 2024.<\/p>\n<p>El S\u00edndic va estar acompanyat pel <strong>Sr. Josep Escart\u00edn<\/strong>, S\u00edndic de Sabadell, <strong>president del F\u00f2rum de S\u00edndics,\u00a0 S\u00edndiques, Defensors i Defensores Locals de Catalunya.<\/strong><\/p>\n<p>Se realizaron 131 atenciones, de las cuales 56 fueron consultas, 73 quejas y 2 actuaciones de oficio.<\/p>\n<p>Se destaca que en el transcurso de los a\u00f1os de funcionamiento de la Sindicatura desde el a\u00f1o 2007, entre las propuestas aceptadas por el ayuntamiento y las mediaciones, el 67% ha estado favorable por la ciudadan\u00eda.<\/p>\n<p>El informe contiene los datos estad\u00edsticos de las atenciones realizadas, una descripci\u00f3n de los casos trabajados, tanto si est\u00e1n en tr\u00e1mite como las que han sido resueltos con propuestas al Ayuntamiento, como tambi\u00e9n la respuesta dada. As\u00ed mismo, contiene un dec\u00e1logo de la buena administraci\u00f3n.<\/p>\n<p><a href=\"https:\/\/sindicatura.viladecans.cat\/wp-content\/uploads\/2025\/06\/2024-INFORME-ANUAL-SINDIC-VILADECANS.pdf\"><img decoding=\"async\" class=\"size-medium wp-image-2017 aligncenter lazyload\" data-src=\"https:\/\/sindicatura.viladecans.cat\/wp-content\/uploads\/2025\/06\/portada-informe-2024-212x300.png\" alt=\"\" width=\"212\" height=\"300\" data-srcset=\"https:\/\/sindicatura.viladecans.cat\/wp-content\/uploads\/2025\/06\/portada-informe-2024-212x300.png 212w, https:\/\/sindicatura.viladecans.cat\/wp-content\/uploads\/2025\/06\/portada-informe-2024-722x1024.png 722w, https:\/\/sindicatura.viladecans.cat\/wp-content\/uploads\/2025\/06\/portada-informe-2024-768x1089.png 768w, https:\/\/sindicatura.viladecans.cat\/wp-content\/uploads\/2025\/06\/portada-informe-2024-806x1143.png 806w, https:\/\/sindicatura.viladecans.cat\/wp-content\/uploads\/2025\/06\/portada-informe-2024-558x791.png 558w, https:\/\/sindicatura.viladecans.cat\/wp-content\/uploads\/2025\/06\/portada-informe-2024-655x929.png 655w, https:\/\/sindicatura.viladecans.cat\/wp-content\/uploads\/2025\/06\/portada-informe-2024.png 905w\" data-sizes=\"(max-width: 212px) 100vw, 212px\" src=\"data:image\/gif;base64,R0lGODlhAQABAAAAACH5BAEKAAEALAAAAAABAAEAAAICTAEAOw==\" style=\"--smush-placeholder-width: 212px; --smush-placeholder-aspect-ratio: 212\/300;\" \/><\/a><\/p>\n","protected":false},"excerpt":{"rendered":"<p>El jueves 26 de junio de 2025, Jos\u00e9 Luis Nicolas, S\u00edndico municipal de Viladecans, present\u00f3 ante el Pleno municipal, el informe de las actuaciones realizadas durante el a\u00f1o 2024. El S\u00edndic va estar acompanyat pel Sr. Josep Escart\u00edn, S\u00edndic de Sabadell, president del F\u00f2rum de S\u00edndics,\u00a0 S\u00edndiques, Defensors i Defensores Locals de Catalunya. Se realizaron&hellip;<\/p>\n","protected":false},"author":2,"featured_media":2031,"comment_status":"open","ping_status":"open","sticky":false,"template":"","format":"standard","meta":{"_acf_changed":false,"_monsterinsights_skip_tracking":false,"_monsterinsights_sitenote_active":false,"_monsterinsights_sitenote_note":"","_monsterinsights_sitenote_category":0,"footnotes":""},"categories":[13],"tags":[74,75,56,20],"class_list":["post-2039","post","type-post","status-publish","format-standard","has-post-thumbnail","hentry","category-noticias","tag-2024-es","tag-informe-es","tag-sindic-es","tag-viladecans-es"],"acf":[],"publishpress_future_action":{"enabled":false,"date":"2026-05-07 09:32:32","action":"change-status","newStatus":"draft","terms":[],"taxonomy":"category"},"publishpress_future_workflow_manual_trigger":{"enabledWorkflows":[]},"_links":{"self":[{"href":"https:\/\/sindicatura.viladecans.cat\/es\/wp-json\/wp\/v2\/posts\/2039","targetHints":{"allow":["GET"]}}],"collection":[{"href":"https:\/\/sindicatura.viladecans.cat\/es\/wp-json\/wp\/v2\/posts"}],"about":[{"href":"https:\/\/sindicatura.viladecans.cat\/es\/wp-json\/wp\/v2\/types\/post"}],"author":[{"embeddable":true,"href":"https:\/\/sindicatura.viladecans.cat\/es\/wp-json\/wp\/v2\/users\/2"}],"replies":[{"embeddable":true,"href":"https:\/\/sindicatura.viladecans.cat\/es\/wp-json\/wp\/v2\/comments?post=2039"}],"version-history":[{"count":5,"href":"https:\/\/sindicatura.viladecans.cat\/es\/wp-json\/wp\/v2\/posts\/2039\/revisions"}],"predecessor-version":[{"id":2049,"href":"https:\/\/sindicatura.viladecans.cat\/es\/wp-json\/wp\/v2\/posts\/2039\/revisions\/2049"}],"wp:featuredmedia":[{"embeddable":true,"href":"https:\/\/sindicatura.viladecans.cat\/es\/wp-json\/wp\/v2\/media\/2031"}],"wp:attachment":[{"href":"https:\/\/sindicatura.viladecans.cat\/es\/wp-json\/wp\/v2\/media?parent=2039"}],"wp:term":[{"taxonomy":"category","embeddable":true,"href":"https:\/\/sindicatura.viladecans.cat\/es\/wp-json\/wp\/v2\/categories?post=2039"},{"taxonomy":"post_tag","embeddable":true,"href":"https:\/\/sindicatura.viladecans.cat\/es\/wp-json\/wp\/v2\/tags?post=2039"}],"curies":[{"name":"wp","href":"https:\/\/api.w.org\/{rel}","templated":true}]}}