{"id":2160,"date":"2026-09-01T10:27:49","date_gmt":"2026-09-01T08:27:49","guid":{"rendered":"https:\/\/sindicatura.viladecans.cat\/?p=2160"},"modified":"2026-09-01T12:47:55","modified_gmt":"2026-09-01T10:47:55","slug":"el-sindico-municipal-de-agravios-de-viladecans-ha-presentado-al-pleno-del-ayuntamiento-el-informe-anual-del-2025","status":"publish","type":"post","link":"https:\/\/sindicatura.viladecans.cat\/es\/2026\/09\/el-sindico-municipal-de-agravios-de-viladecans-ha-presentado-al-pleno-del-ayuntamiento-el-informe-anual-del-2025\/","title":{"rendered":"EL S\u00cdNDICO MUNICIPAL DE AGRAVIOS DE VILADECANS HA PRESENTADO AL PLENO DEL AYUNTAMIENTO El INFORME ANUAL DEL 2025"},"content":{"rendered":"<p><img decoding=\"async\" class=\"wp-image-2162 alignleft lazyload\" data-src=\"https:\/\/sindicatura.viladecans.cat\/wp-content\/uploads\/2026\/09\/sindic-ple-30-07-2026-149x300.png\" alt=\"\" width=\"153\" height=\"308\" data-srcset=\"https:\/\/sindicatura.viladecans.cat\/wp-content\/uploads\/2026\/09\/sindic-ple-30-07-2026-149x300.png 149w, https:\/\/sindicatura.viladecans.cat\/wp-content\/uploads\/2026\/09\/sindic-ple-30-07-2026.png 390w\" data-sizes=\"(max-width: 153px) 100vw, 153px\" src=\"data:image\/gif;base64,R0lGODlhAQABAAAAACH5BAEKAAEALAAAAAABAAEAAAICTAEAOw==\" style=\"--smush-placeholder-width: 153px; --smush-placeholder-aspect-ratio: 153\/308;\" \/><\/p>\n<p>El jueves 30 de julio de 2026, <strong>Jos\u00e9 Luis Nicolas<\/strong>, S\u00edndico municipal de Viladecans, present\u00f3 ante el Pleno municipal, el informe de las actuaciones realizadas durante el a\u00f1o 2025.<\/p>\n<p>El S\u00edndico estuvo acompa\u00f1ado por la <strong>Sra. Pepa Gonz\u00e1lez, S\u00edndica municipal de Santa Coloma de Gramenet Vicepresidenta del F\u00f2rumSD<\/strong> (F\u00f2rum de S\u00edndicos, S\u00edndicas, Defensores y Defensoras Locales de Catalu\u00f1a).<\/p>\n<p>Se realizaron 139 atenciones, de las cuales 72 fueron consultas, 66 quejas y 1 actuaci\u00f3n de oficio.<\/p>\n<p>De las 66 quejas recibidas, 25 se han dirigido al ayuntamiento, 10 han sido derivadas a otros S\u00edndicos o defensores y 31 no han sido admitidas a tr\u00e1mite por varios motivos como an\u00f3nimas, falta competencia (tem\u00e1tica civil), no actuaci\u00f3n municipal previa, estar abierta la v\u00eda administrativa y por haber presentado queja en otra instituci\u00f3n.<\/p>\n<p>Se destaca que en el transcurso de los a\u00f1os de funcionamiento de la Sindicatura desde el a\u00f1o 2007, entre las propuestas aceptadas por el ayuntamiento y las mediaciones, el 67% ha estado favorable por la ciudadan\u00eda.<\/p>\n<p>El informe contiene los datos estad\u00edsticos de las atenciones realizadas, una descripci\u00f3n de los casos trabajados, tanto si est\u00e1n en tr\u00e1mite como las que han sido resueltos con propuestas al Ayuntamiento, como tambi\u00e9n la respuesta dada. As\u00ed mismo, contiene un dec\u00e1logo de la buena administraci\u00f3n.<\/p>\n<p>.<\/p>\n<p><a href=\"https:\/\/sindicatura.viladecans.cat\/wp-content\/uploads\/2026\/09\/2025-INFORME-ANUAL-final-1.pdf\"><img decoding=\"async\" class=\"wp-image-2164 size-medium aligncenter lazyload\" data-src=\"https:\/\/sindicatura.viladecans.cat\/wp-content\/uploads\/2026\/09\/portada-informe-2025-211x300.jpg\" alt=\"\" width=\"211\" height=\"300\" data-srcset=\"https:\/\/sindicatura.viladecans.cat\/wp-content\/uploads\/2026\/09\/portada-informe-2025-211x300.jpg 211w, https:\/\/sindicatura.viladecans.cat\/wp-content\/uploads\/2026\/09\/portada-informe-2025-558x793.jpg 558w, https:\/\/sindicatura.viladecans.cat\/wp-content\/uploads\/2026\/09\/portada-informe-2025.jpg 588w\" data-sizes=\"(max-width: 211px) 100vw, 211px\" src=\"data:image\/gif;base64,R0lGODlhAQABAAAAACH5BAEKAAEALAAAAAABAAEAAAICTAEAOw==\" style=\"--smush-placeholder-width: 211px; --smush-placeholder-aspect-ratio: 211\/300;\" \/><\/a><\/p>\n","protected":false},"excerpt":{"rendered":"<p>El jueves 30 de julio de 2026, el S\u00edndico de Viladecans present\u00f3 al Pleno Municipal, el informe anual del 2025<\/p>\n","protected":false},"author":2,"featured_media":2179,"comment_status":"open","ping_status":"open","sticky":false,"template":"","format":"standard","meta":{"_acf_changed":false,"_monsterinsights_skip_tracking":false,"_monsterinsights_sitenote_active":false,"_monsterinsights_sitenote_note":"","_monsterinsights_sitenote_category":0,"footnotes":""},"categories":[13],"tags":[74,75,56,20],"class_list":["post-2160","post","type-post","status-publish","format-standard","has-post-thumbnail","hentry","category-noticias","tag-2024-es","tag-informe-es","tag-sindic-es","tag-viladecans-es"],"acf":[],"publishpress_future_action":{"enabled":false,"date":"2026-09-09 09:49:29","action":"change-status","newStatus":"draft","terms":[],"taxonomy":"category"},"publishpress_future_workflow_manual_trigger":{"enabledWorkflows":[]},"_links":{"self":[{"href":"https:\/\/sindicatura.viladecans.cat\/es\/wp-json\/wp\/v2\/posts\/2160","targetHints":{"allow":["GET"]}}],"collection":[{"href":"https:\/\/sindicatura.viladecans.cat\/es\/wp-json\/wp\/v2\/posts"}],"about":[{"href":"https:\/\/sindicatura.viladecans.cat\/es\/wp-json\/wp\/v2\/types\/post"}],"author":[{"embeddable":true,"href":"https:\/\/sindicatura.viladecans.cat\/es\/wp-json\/wp\/v2\/users\/2"}],"replies":[{"embeddable":true,"href":"https:\/\/sindicatura.viladecans.cat\/es\/wp-json\/wp\/v2\/comments?post=2160"}],"version-history":[{"count":4,"href":"https:\/\/sindicatura.viladecans.cat\/es\/wp-json\/wp\/v2\/posts\/2160\/revisions"}],"predecessor-version":[{"id":2172,"href":"https:\/\/sindicatura.viladecans.cat\/es\/wp-json\/wp\/v2\/posts\/2160\/revisions\/2172"}],"wp:featuredmedia":[{"embeddable":true,"href":"https:\/\/sindicatura.viladecans.cat\/es\/wp-json\/wp\/v2\/media\/2179"}],"wp:attachment":[{"href":"https:\/\/sindicatura.viladecans.cat\/es\/wp-json\/wp\/v2\/media?parent=2160"}],"wp:term":[{"taxonomy":"category","embeddable":true,"href":"https:\/\/sindicatura.viladecans.cat\/es\/wp-json\/wp\/v2\/categories?post=2160"},{"taxonomy":"post_tag","embeddable":true,"href":"https:\/\/sindicatura.viladecans.cat\/es\/wp-json\/wp\/v2\/tags?post=2160"}],"curies":[{"name":"wp","href":"https:\/\/api.w.org\/{rel}","templated":true}]}}