{"id":235,"date":"2018-05-23T10:44:16","date_gmt":"2018-05-23T08:44:16","guid":{"rendered":"http:\/\/sindic.cviladecans.cat\/xv-taller-formacion-de-sindicos-etica-publica-y-buen-gobierno\/"},"modified":"2018-07-20T10:58:40","modified_gmt":"2018-07-20T08:58:40","slug":"xv-taller-formacion-de-sindicos-etica-publica-y-buen-gobierno","status":"publish","type":"post","link":"https:\/\/sindicatura.viladecans.cat\/es\/2018\/05\/xv-taller-formacion-de-sindicos-etica-publica-y-buen-gobierno\/","title":{"rendered":"XV Taller Formaci\u00f3n de S\u00edndicos &#8211; \u00ab\u00c9tica P\u00fablica y Buen Gobierno\u00bb"},"content":{"rendered":"<div class=\"wpb-content-wrapper\"><p>[vc_row][vc_column width=\u00bb2\/3&#8243;][vc_column_text css_animation=\u00bbfadeInUp\u00bb]<\/p>\n<h4><strong>El S\u00edndic Municipal de Greuges de Viladecans, Jos\u00e9 Luis Nicolas, asiste a la XV edici\u00f3n del Taller de Formaci\u00f3n de s\u00edndics y defensores locales celebrada en Mollet del Valles.<\/strong><\/h4>\n<p><strong>Taller de Formaci\u00f3n de s\u00edndics, s\u00edndicas, defensores y defensoras locales de Catalunya el d\u00eda 23 de mayo de 2018 con el titulo \u201c\u00c9tica P\u00fablica y Buen Gobierno\u201d<\/strong><\/p>\n<p>Mollet ha acogido la XV edici\u00f3n de Taller de Formaci\u00f3n del F\u00f3rum de S\u00edndics, S\u00edndicas, defensores y defensoras locales de Catalunya, con el t\u00edtulo \u201c\u00c9tica P\u00fablica y Buen Gobierno\u201d<\/p>\n<p>La sesi\u00f3n inaugural del taller se hizo en la Sala del Museu Joan Abell\u00f3, presidida por el alcalde de Mollet del Vall\u00e9s <strong>Josep Monr\u00e0s<\/strong>. Tambi\u00e9n intervino <strong>Llu\u00eds Mart\u00ednez Camps<\/strong>, presidente del F\u00f2rumSD y S\u00edndic Personer de Mollet del Valles.<\/p>\n<p>El secretario de la corporaci\u00f3n del Ayuntamiento de Gav\u00e0 <strong>Roger Cots<\/strong> abri\u00f3 el taller con la \u00a0conferencia <em>\u201c<\/em><em>Transpar\u00e8ncia i Bon Govern<\/em><em>\u201d<\/em><\/p>\n<p>En la siguiente ponencia han intervenido <strong>Bego\u00f1a Ballv\u00e9<\/strong>, Jefa de los Servicios Jur\u00eddicos del Ayuntamiento de Mollet, junto con <strong>Valent\u00edn G\u00f3mez<\/strong> Jefe del Servicio de Organizaci\u00f3n, Administraci\u00f3n Electr\u00f3nica y RRHH del Ayuntamiento de Mollet, donde han expuesto su experiencia en la creaci\u00f3n C\u00f3digo \u00c9tico en el Ayuntamiento de Mollet del Valles.<\/p>\n<p>Seguidamente se realiza el debate entre los S\u00edndicos de \u201cel papel de los S\u00edndicos locales en la aplicaci\u00f3n de los c\u00f3digos \u00e9ticos\u201d<\/p>\n<p>Para finalizar la jornada interviene <strong>Bego\u00f1a Roman<\/strong>, profesora de \u00c9tica de la Facultad de Filosof\u00eda de la Universidad de Barcelona con la ponencia<em> \u201cla infraestructura \u00e9tica\u201d<\/em>[\/vc_column_text][\/vc_column][vc_column width=\u00bb1\/3&#8243;][vc_single_image image=\u00bb122&#8243; img_size=\u00bbfull\u00bb alignment=\u00bbright\u00bb style=\u00bbvc_box_rounded\u00bb onclick=\u00bbkalium_lightbox\u00bb css_animation=\u00bbfadeInRight\u00bb][\/vc_column][\/vc_row]<\/p>\n<\/div>","protected":false},"excerpt":{"rendered":"<p>La sesi\u00f3n inaugural del taller se hizo en la Sala del Museu Joan Abell\u00f3, presidida por el alcalde de Mollet del Vall\u00e9s <strong>Josep Monr\u00e0s<\/strong>. Tambi\u00e9n intervino <strong>Llu\u00eds Mart\u00ednez Camps<\/strong>, presidente del F\u00f2rumSD y S\u00edndic Personer de Mollet del Valles. <\/p>\n","protected":false},"author":1,"featured_media":236,"comment_status":"open","ping_status":"open","sticky":false,"template":"","format":"standard","meta":{"_acf_changed":false,"_monsterinsights_skip_tracking":false,"_monsterinsights_sitenote_active":false,"_monsterinsights_sitenote_note":"","_monsterinsights_sitenote_category":0,"footnotes":""},"categories":[13],"tags":[],"class_list":["post-235","post","type-post","status-publish","format-standard","has-post-thumbnail","hentry","category-noticias"],"acf":[],"publishpress_future_action":{"enabled":false,"date":"2026-05-09 11:33:54","action":"change-status","newStatus":"draft","terms":[],"taxonomy":"category"},"publishpress_future_workflow_manual_trigger":{"enabledWorkflows":[]},"_links":{"self":[{"href":"https:\/\/sindicatura.viladecans.cat\/es\/wp-json\/wp\/v2\/posts\/235","targetHints":{"allow":["GET"]}}],"collection":[{"href":"https:\/\/sindicatura.viladecans.cat\/es\/wp-json\/wp\/v2\/posts"}],"about":[{"href":"https:\/\/sindicatura.viladecans.cat\/es\/wp-json\/wp\/v2\/types\/post"}],"author":[{"embeddable":true,"href":"https:\/\/sindicatura.viladecans.cat\/es\/wp-json\/wp\/v2\/users\/1"}],"replies":[{"embeddable":true,"href":"https:\/\/sindicatura.viladecans.cat\/es\/wp-json\/wp\/v2\/comments?post=235"}],"version-history":[{"count":1,"href":"https:\/\/sindicatura.viladecans.cat\/es\/wp-json\/wp\/v2\/posts\/235\/revisions"}],"predecessor-version":[{"id":238,"href":"https:\/\/sindicatura.viladecans.cat\/es\/wp-json\/wp\/v2\/posts\/235\/revisions\/238"}],"wp:featuredmedia":[{"embeddable":true,"href":"https:\/\/sindicatura.viladecans.cat\/es\/wp-json\/wp\/v2\/media\/236"}],"wp:attachment":[{"href":"https:\/\/sindicatura.viladecans.cat\/es\/wp-json\/wp\/v2\/media?parent=235"}],"wp:term":[{"taxonomy":"category","embeddable":true,"href":"https:\/\/sindicatura.viladecans.cat\/es\/wp-json\/wp\/v2\/categories?post=235"},{"taxonomy":"post_tag","embeddable":true,"href":"https:\/\/sindicatura.viladecans.cat\/es\/wp-json\/wp\/v2\/tags?post=235"}],"curies":[{"name":"wp","href":"https:\/\/api.w.org\/{rel}","templated":true}]}}