{"id":526,"date":"2019-11-20T08:33:37","date_gmt":"2019-11-20T07:33:37","guid":{"rendered":"https:\/\/sindicatura.viladecans.cat\/?p=526"},"modified":"2019-11-20T08:48:16","modified_gmt":"2019-11-20T07:48:16","slug":"30o-aniversario-convencion-de-los-derechos-de-la-infancia","status":"publish","type":"post","link":"https:\/\/sindicatura.viladecans.cat\/es\/2019\/11\/30o-aniversario-convencion-de-los-derechos-de-la-infancia\/","title":{"rendered":"30\u00ba aniversario Convenci\u00f3n de los Derechos de la infancia"},"content":{"rendered":"<p><strong>El S\u00edndico Municipal de Agravios de Viladecans, Jos\u00e9 Luis Nicolas, asiste al acto central de la celebraci\u00f3n del D\u00eda Internacional de los Derechos de la Infancia \u00abEl derecho al tiempo libre, por la equidad y la inclusi\u00f3n de la infancia\u00bb<\/strong><\/p>\n<p><strong>El 20 de noviembre se celebra en Hospitalet de Llobregat el 30\u00ba aniversario Convenci\u00f3n de los Derechos de la Infancia.<\/strong><\/p>\n<p>El S\u00edndic municipal de Agravios de Viladecans, Jos\u00e9 Luis Nicolas, asiste al acto central de la celebraci\u00f3n del D\u00eda Internacional de los Derechos de la Infancia <strong>\u201cEl derecho al tiempo libre, por la equidad y la inclusi\u00f3n de la infancia\u201d<\/strong> que se celebra en l\u2019Hospitalet de Llobregat, organizado per las sindicas i s\u00edndicos de las ciudades de l\u2019Hospitalet de Llobregat, Sant Feliu de Llobregat, Gav\u00e0, Sant Boi de Llobregat, Cornell\u00e1 de Llobregat i Viladecans, con la colaboraci\u00f3n del <em>Observatori de la inf\u00e0ncia de l\u2019Hospitalet <\/em><\/p>\n<p>Consultar el <a href=\"http:\/\/www.l-h.cat\/webs\/especials\/sgreugesLH\/pdfs\/ProgramaDretsInfants.pdf\">programa<\/a><\/p>\n","protected":false},"excerpt":{"rendered":"<p>El S\u00edndico de Viladecans asiste el 20 de novembre en l&#8217;Hospitalet de Llobregat al 30\u00ba aniversario convenci\u00f3n de los Derechos de la Infancia<\/p>\n","protected":false},"author":2,"featured_media":524,"comment_status":"open","ping_status":"open","sticky":false,"template":"","format":"standard","meta":{"_acf_changed":false,"_monsterinsights_skip_tracking":false,"_monsterinsights_sitenote_active":false,"_monsterinsights_sitenote_note":"","_monsterinsights_sitenote_category":0,"footnotes":""},"categories":[13],"tags":[42,41,29],"class_list":["post-526","post","type-post","status-publish","format-standard","has-post-thumbnail","hentry","category-noticias","tag-derechos-infancia","tag-derechos-menores","tag-sindico-viladecans"],"acf":[],"publishpress_future_action":{"enabled":false,"date":"2026-05-08 22:12:47","action":"change-status","newStatus":"draft","terms":[],"taxonomy":"category"},"publishpress_future_workflow_manual_trigger":{"enabledWorkflows":[]},"_links":{"self":[{"href":"https:\/\/sindicatura.viladecans.cat\/es\/wp-json\/wp\/v2\/posts\/526","targetHints":{"allow":["GET"]}}],"collection":[{"href":"https:\/\/sindicatura.viladecans.cat\/es\/wp-json\/wp\/v2\/posts"}],"about":[{"href":"https:\/\/sindicatura.viladecans.cat\/es\/wp-json\/wp\/v2\/types\/post"}],"author":[{"embeddable":true,"href":"https:\/\/sindicatura.viladecans.cat\/es\/wp-json\/wp\/v2\/users\/2"}],"replies":[{"embeddable":true,"href":"https:\/\/sindicatura.viladecans.cat\/es\/wp-json\/wp\/v2\/comments?post=526"}],"version-history":[{"count":4,"href":"https:\/\/sindicatura.viladecans.cat\/es\/wp-json\/wp\/v2\/posts\/526\/revisions"}],"predecessor-version":[{"id":539,"href":"https:\/\/sindicatura.viladecans.cat\/es\/wp-json\/wp\/v2\/posts\/526\/revisions\/539"}],"wp:featuredmedia":[{"embeddable":true,"href":"https:\/\/sindicatura.viladecans.cat\/es\/wp-json\/wp\/v2\/media\/524"}],"wp:attachment":[{"href":"https:\/\/sindicatura.viladecans.cat\/es\/wp-json\/wp\/v2\/media?parent=526"}],"wp:term":[{"taxonomy":"category","embeddable":true,"href":"https:\/\/sindicatura.viladecans.cat\/es\/wp-json\/wp\/v2\/categories?post=526"},{"taxonomy":"post_tag","embeddable":true,"href":"https:\/\/sindicatura.viladecans.cat\/es\/wp-json\/wp\/v2\/tags?post=526"}],"curies":[{"name":"wp","href":"https:\/\/api.w.org\/{rel}","templated":true}]}}